{"id":3051,"date":"2022-10-07T15:41:00","date_gmt":"2022-10-07T13:41:00","guid":{"rendered":"https:\/\/abibooks-project.eu\/non-categorizzato\/scrivi-le-tue-storie-per-i-bambini\/"},"modified":"2023-05-29T11:14:53","modified_gmt":"2023-05-29T09:14:53","slug":"scrivi-le-tue-storie-per-i-bambini","status":"publish","type":"post","link":"https:\/\/abibooks-project.eu\/it\/non-categorizzato\/scrivi-le-tue-storie-per-i-bambini\/","title":{"rendered":"Scrivi le tue storie per i bambini!"},"content":{"rendered":"\n<figure class=\"wp-block-image aligncenter size-full\"><img loading=\"lazy\" decoding=\"async\" width=\"1000\" height=\"563\" src=\"https:\/\/abibooks-project.eu\/wp-content\/uploads\/2023\/05\/image1.jpeg\" alt=\"\" class=\"wp-image-3767\" srcset=\"https:\/\/abibooks-project.eu\/wp-content\/uploads\/2023\/05\/image1.jpeg 1000w, https:\/\/abibooks-project.eu\/wp-content\/uploads\/2023\/05\/image1-980x552.jpeg 980w, https:\/\/abibooks-project.eu\/wp-content\/uploads\/2023\/05\/image1-480x270.jpeg 480w\" sizes=\"(min-width: 0px) and (max-width: 480px) 480px, (min-width: 481px) and (max-width: 980px) 980px, (min-width: 981px) 1000px, 100vw\" \/><\/figure>\n<p>Leggere storie ai bambini \u00e8 una parte importante del loro apprendimento intellettuale e personale. Attraverso le storie imparano nuove parole, concetti, nozioni e sviluppano anche la loro immaginazione e curiosit\u00e0.<\/p>\n\n<p>Vuoi scrivere tu le storie per i tuoi bambini? Tutto ci\u00f2 di cui hai bisogno \u00e8 la tua immaginazione e questi pochi passi importanti per costruire una grande storia.<\/p>\n\n<p>Prima di iniziare a scrivere la tua storia, mettiti nella mente di un bambino. A quali materie sono interessati? Animali, colori, musica, qualche altro argomento?<\/p>\n\n<p>Quindi, prepara un&#8217;introduzione accattivante, pensa a una morale einizia a creare!<\/p>\n\n<h2 class=\"wp-block-heading\">Prima di iniziare a scrivere<\/h2>\n\n<h3 class=\"wp-block-heading\">A quale fascia di et\u00e0 ti rivolgi?<\/h3>\n\n<p>Adatta il tuo stile di scrittura all&#8217;et\u00e0 del tuo pubblico di destinazione. Pi\u00f9 giovane \u00e8 il tuo pubblico, pi\u00f9 semplice \u00e8 la tua lingua e pi\u00f9 corte dovrebbero essere le tue frasi. Lo stesso vale per la sintassi e la grammatica.<\/p>\n\n<h3 class=\"wp-block-heading\">Leggi le storie dei bambini per l&#8217;ispirazione<\/h3>\n\n<div class=\"wp-block-columns is-layout-flex wp-container-core-columns-is-layout-1 wp-block-columns-is-layout-flex\">\n<div class=\"wp-block-column is-layout-flow wp-block-column-is-layout-flow\">\n<figure class=\"wp-block-image aligncenter size-full is-resized\"><img loading=\"lazy\" decoding=\"async\" src=\"https:\/\/abibooks-project.eu\/wp-content\/uploads\/2023\/04\/la-cabane-magique.jpeg\" alt=\"La capanna magica\" class=\"wp-image-2947\" width=\"205\" height=\"300\" srcset=\"https:\/\/abibooks-project.eu\/wp-content\/uploads\/2023\/04\/la-cabane-magique.jpeg 210w, https:\/\/abibooks-project.eu\/wp-content\/uploads\/2023\/04\/la-cabane-magique-205x300.jpeg 205w\" sizes=\"(max-width: 205px) 100vw, 205px\" \/><figcaption class=\"wp-element-caption\">\u00ab La capanna magica \u00bb<\/figcaption><\/figure><\/div>\n\n\n\n<div class=\"wp-block-column is-layout-flow wp-block-column-is-layout-flow\">\n<figure class=\"wp-block-image aligncenter size-full is-resized\"><img loading=\"lazy\" decoding=\"async\" src=\"https:\/\/abibooks-project.eu\/wp-content\/uploads\/2023\/04\/petit-bleu-et-petit-jaune.jpeg\" alt=\"Piccolo Blu e Piccolo Giallo\" class=\"wp-image-2959\" width=\"300\" height=\"300\" srcset=\"https:\/\/abibooks-project.eu\/wp-content\/uploads\/2023\/04\/petit-bleu-et-petit-jaune.jpeg 340w, https:\/\/abibooks-project.eu\/wp-content\/uploads\/2023\/04\/petit-bleu-et-petit-jaune-300x300.jpeg 300w, https:\/\/abibooks-project.eu\/wp-content\/uploads\/2023\/04\/petit-bleu-et-petit-jaune-150x150.jpeg 150w\" sizes=\"(max-width: 300px) 100vw, 300px\" \/><figcaption class=\"wp-element-caption\">\u00ab Piccolo Blu e Piccolo Giallo \u00bb<\/figcaption><\/figure><\/div>\n<\/div>\n\n<div class=\"wp-block-columns is-layout-flex wp-container-core-columns-is-layout-2 wp-block-columns-is-layout-flex\">\n<div class=\"wp-block-column is-layout-flow wp-block-column-is-layout-flow\">\n<figure class=\"wp-block-image aligncenter size-full is-resized\"><img loading=\"lazy\" decoding=\"async\" src=\"https:\/\/abibooks-project.eu\/wp-content\/uploads\/2023\/04\/sacrees-sorcieres.jpeg\" alt=\"Le streghe\" class=\"wp-image-2965\" width=\"209\" height=\"300\" srcset=\"https:\/\/abibooks-project.eu\/wp-content\/uploads\/2023\/04\/sacrees-sorcieres.jpeg 400w, https:\/\/abibooks-project.eu\/wp-content\/uploads\/2023\/04\/sacrees-sorcieres-209x300.jpeg 209w\" sizes=\"(max-width: 209px) 100vw, 209px\" \/><figcaption class=\"wp-element-caption\">\u00ab Le streghe \u00bb<\/figcaption><\/figure><\/div>\n\n\n\n<div class=\"wp-block-column is-layout-flow wp-block-column-is-layout-flow\">\n<figure class=\"wp-block-image aligncenter size-full is-resized\"><img loading=\"lazy\" decoding=\"async\" src=\"https:\/\/abibooks-project.eu\/wp-content\/uploads\/2023\/04\/les-minijusticiers.jpeg\" alt=\"Les minijusticiers\" class=\"wp-image-2953\" width=\"298\" height=\"300\"\/><figcaption class=\"wp-element-caption\">\u00ab Les minijusticiers \u00bb<\/figcaption><\/figure><\/div>\n<\/div>\n\n<h3 class=\"wp-block-heading\">Prendi qualcosa di ordinario e trasformalo in qualcosa di straordinario<\/h3>\n\n<p>Pensa alla tua vita quotidiana e prendi una delle tue azioni ricorrenti. Andare al supermercato, per esempio. Prendi questa semplice attivit\u00e0 e crea una storia straordinaria intorno a questo evento molto ordinario.<\/p>\n\n<h3 class=\"wp-block-heading\">Scegli un tema per la tua storia<\/h3>\n\n<p>Prendi un\u2019idea generale e costruisci la tua storia intorno ad essa. Esplora ampi temi come amore, amicizia, paura, mistero, ecc. Poi, mettiti nei panni di un bambino e cerca di pensare a come, con tutti gli elementi che hai messo insieme finora, lui o lei immaginerebbe una situazione del genere.<\/p>\n\n<h2 class=\"wp-block-heading\">Inizia a scrivere<\/h2>\n\n<p>Tutte le storie seguono la stessa struttura:<\/p>\n\n<ul class=\"wp-block-list\">\n<li>L&#8217;introduzione al personaggio principale<\/li>\n\n\n\n<li>L&#8217;elemento che mette in moto l\u2019azione<\/li>\n\n\n\n<li>L&#8217;epilogo<\/li>\n<\/ul>\n\n<p>Basa la tua scrittura su questi elementi fondamentali perch\u00e9 sono ci\u00f2 che ti permetter\u00e0 di costruire una storia concreta e significativa.<\/p>\n\n<h3 class=\"wp-block-heading\">Crea un personaggio con cui i bambini possano relazionarsi<\/h3>\n\n<p>Dai a questo personaggio caratteristiche fisiche e psicologiche specifiche. Capelli piccoli, biondi, allegri, sportivi&#8230;<br\/>Se hai difficolt\u00e0 con la creazione del tuo personaggio principale, non esitare a trarre ispirazione da una persona reale o da un personaggio dei cartoni animati, ecc.<\/p>\n\n<h3 class=\"wp-block-heading\">Quale sar\u00e0 il tuo elemento che mette in moto l\u2019azione?<\/h3>\n\n<p>Per rendere la tua storia dinamica, devi includere un elemento inquietante. Non deve essere un problema o qualcosa di negativo. Deve solo essere qualcosa che toglie il tuo eroe dalla sua &#8220;routine quotidiana&#8221;.<br\/>A seconda della lunghezza della tua storia, puoi includere pi\u00f9 di un elemento inquietante.<\/p>\n\n<h3 class=\"wp-block-heading\">Quale sar\u00e0 l&#8217;epilogo della tua storia?<\/h3>\n\n<p>La fine della tua storia implica che tutto torni alla normalit\u00e0? O implica che l&#8217;elemento scatenante diventa parte della vita quotidiana dell&#8217;eroe? Un&#8217;altra opzione? In ogni caso, la fine della tua storia porter\u00e0 a un ritorno alla normalit\u00e0?<\/p>\n\n<h3 class=\"wp-block-heading\">Quando hai questi elementi, crea una bozza.<\/h3>\n\n<p>Questo ti permetter\u00e0 di gettare le basi, di eliminare elementi che sembrano superflui, di aggiungere altri elementi che ti vengono in mente.<br\/>Lascia stare il tuo racconto per un po\u2019 e tornaci qualche giorno dopo per avere il tempo di fare un passo indietro dalla scrittura e migliorarlo se lo ritieni necessario.<\/p>\n\n<p>Una volta completati tutti questi passaggi, avrai la tua storia originale nelle tue mani!<\/p>\n\n<p>Sentiti libero di aggiungere immagini e\/o suoni e, soprattutto, divertiti a leggerlo ai (tuoi) bambini!<\/p>\n","protected":false},"excerpt":{"rendered":"<p>Leggere storie ai bambini \u00e8 una parte importante del loro apprendimento intellettuale e personale. Attraverso le storie imparano nuove parole, concetti, nozioni e sviluppano anche la loro immaginazione e curiosit\u00e0. Vuoi scrivere tu le storie per i tuoi bambini? Tutto ci\u00f2 di cui hai bisogno \u00e8 la tua immaginazione e questi pochi passi importanti per [&hellip;]<\/p>\n","protected":false},"author":3,"featured_media":3770,"comment_status":"closed","ping_status":"open","sticky":false,"template":"","format":"standard","meta":{"_acf_changed":false,"_et_pb_use_builder":"off","_et_pb_old_content":"","_et_gb_content_width":"","footnotes":""},"categories":[6],"tags":[],"class_list":["post-3051","post","type-post","status-publish","format-standard","has-post-thumbnail","hentry","category-non-categorizzato"],"acf":[],"_links":{"self":[{"href":"https:\/\/abibooks-project.eu\/it\/wp-json\/wp\/v2\/posts\/3051","targetHints":{"allow":["GET"]}}],"collection":[{"href":"https:\/\/abibooks-project.eu\/it\/wp-json\/wp\/v2\/posts"}],"about":[{"href":"https:\/\/abibooks-project.eu\/it\/wp-json\/wp\/v2\/types\/post"}],"author":[{"embeddable":true,"href":"https:\/\/abibooks-project.eu\/it\/wp-json\/wp\/v2\/users\/3"}],"replies":[{"embeddable":true,"href":"https:\/\/abibooks-project.eu\/it\/wp-json\/wp\/v2\/comments?post=3051"}],"version-history":[{"count":2,"href":"https:\/\/abibooks-project.eu\/it\/wp-json\/wp\/v2\/posts\/3051\/revisions"}],"predecessor-version":[{"id":3775,"href":"https:\/\/abibooks-project.eu\/it\/wp-json\/wp\/v2\/posts\/3051\/revisions\/3775"}],"wp:featuredmedia":[{"embeddable":true,"href":"https:\/\/abibooks-project.eu\/it\/wp-json\/wp\/v2\/media\/3770"}],"wp:attachment":[{"href":"https:\/\/abibooks-project.eu\/it\/wp-json\/wp\/v2\/media?parent=3051"}],"wp:term":[{"taxonomy":"category","embeddable":true,"href":"https:\/\/abibooks-project.eu\/it\/wp-json\/wp\/v2\/categories?post=3051"},{"taxonomy":"post_tag","embeddable":true,"href":"https:\/\/abibooks-project.eu\/it\/wp-json\/wp\/v2\/tags?post=3051"}],"curies":[{"name":"wp","href":"https:\/\/api.w.org\/{rel}","templated":true}]}}