{"id":3977,"date":"2022-10-07T15:41:00","date_gmt":"2022-10-07T13:41:00","guid":{"rendered":"https:\/\/abibooks-project.eu\/non-classifiee\/ecrivez-vous-meme-vos-histoires-pour-enfants\/"},"modified":"2023-06-09T10:05:01","modified_gmt":"2023-06-09T08:05:01","slug":"ecrivez-vous-meme-vos-histoires-pour-enfants","status":"publish","type":"post","link":"https:\/\/abibooks-project.eu\/fr\/non-classifiee\/ecrivez-vous-meme-vos-histoires-pour-enfants\/","title":{"rendered":"Ecrivez vous-m\u00eame vos histoires pour enfants."},"content":{"rendered":"\n<figure class=\"wp-block-image aligncenter size-full\"><img loading=\"lazy\" decoding=\"async\" width=\"1000\" height=\"563\" src=\"https:\/\/abibooks-project.eu\/wp-content\/uploads\/2023\/05\/image1.jpeg\" alt=\"\" class=\"wp-image-3767\" srcset=\"https:\/\/abibooks-project.eu\/wp-content\/uploads\/2023\/05\/image1.jpeg 1000w, https:\/\/abibooks-project.eu\/wp-content\/uploads\/2023\/05\/image1-980x552.jpeg 980w, https:\/\/abibooks-project.eu\/wp-content\/uploads\/2023\/05\/image1-480x270.jpeg 480w\" sizes=\"(min-width: 0px) and (max-width: 480px) 480px, (min-width: 481px) and (max-width: 980px) 980px, (min-width: 981px) 1000px, 100vw\" \/><\/figure>\n<p>Lire des histoires aux enfants est quelque chose de primordial pour leur apprentissage intellectuel et personnel. Gr\u00e2ce \u00e0 elles, ils apprennent de nouveaux mots, de nouveaux concepts, de nouvelles notions, etc. Les livres leurs permettront \u00e9galement de d\u00e9velopper leur imagination et de piquer leur curiosit\u00e9.<\/p>\n\n<p>Vous souhaitez \u00e9crire vous-m\u00eame des histoires pour enfants ? \u00e7a peut tout \u00e0 fait \u00eatre \u00e0 votre port\u00e9e. Pour ce faire, tout ce dont vous avez besoin c\u2019est de votre imagination et de ces quelques \u00e9tapes importantes pour construire une chouette histoire.<\/p>\n\n<p>Avant de commencer l\u2019\u00e9criture de votre histoire, mettez-vous dans la t\u00eate d\u2019un enfant. Quels sont les sujets qui l\u2019int\u00e9ressent ? Les animaux, les couleurs, la musique, n\u2019importe quel autre sujet ?<\/p>\n\n<p>Ensuite, pr\u00e9parez une introduction accrocheuse, pensez \u00e0 une morale et lancez-vous !<\/p>\n\n<h2 class=\"wp-block-heading\">Avant l\u2019\u00e9criture<\/h2>\n\n<h3 class=\"wp-block-heading\">Quelle tranche d\u2019\u00e2ge visez-vous ?<\/h3>\n\n<p>Adaptez votre mani\u00e8re d\u2019\u00e9crire en fonction de l\u2019\u00e2ge du public que vous visez. Au plus votre public sera jeune, au plus simple sera votre langage et au plus courtes vos phrases devront \u00eatre. Il en va \u00e9videmment de m\u00eame pour la syntaxe et la grammaire.<\/p>\n\n<h3 class=\"wp-block-heading\">Lisez des histoires pour enfants afin de vous inspirer<\/h3>\n\n<div class=\"wp-block-columns is-layout-flex wp-container-core-columns-is-layout-1 wp-block-columns-is-layout-flex\">\n<div class=\"wp-block-column is-layout-flow wp-block-column-is-layout-flow\">\n<figure class=\"wp-block-image aligncenter size-full is-resized\"><img loading=\"lazy\" decoding=\"async\" src=\"https:\/\/abibooks-project.eu\/wp-content\/uploads\/2023\/04\/la-cabane-magique.jpeg\" alt=\"La cabane magique\" class=\"wp-image-2947\" width=\"205\" height=\"300\" srcset=\"https:\/\/abibooks-project.eu\/wp-content\/uploads\/2023\/04\/la-cabane-magique.jpeg 210w, https:\/\/abibooks-project.eu\/wp-content\/uploads\/2023\/04\/la-cabane-magique-205x300.jpeg 205w\" sizes=\"(max-width: 205px) 100vw, 205px\" \/><figcaption class=\"wp-element-caption\">\u00ab La cabane magique \u00bb<\/figcaption><\/figure><\/div>\n\n\n\n<div class=\"wp-block-column is-layout-flow wp-block-column-is-layout-flow\">\n<figure class=\"wp-block-image aligncenter size-full is-resized\"><img loading=\"lazy\" decoding=\"async\" src=\"https:\/\/abibooks-project.eu\/wp-content\/uploads\/2023\/04\/petit-bleu-et-petit-jaune.jpeg\" alt=\"Petit-Bleu et Petit-Jaune\" class=\"wp-image-2959\" width=\"300\" height=\"300\" srcset=\"https:\/\/abibooks-project.eu\/wp-content\/uploads\/2023\/04\/petit-bleu-et-petit-jaune.jpeg 340w, https:\/\/abibooks-project.eu\/wp-content\/uploads\/2023\/04\/petit-bleu-et-petit-jaune-300x300.jpeg 300w, https:\/\/abibooks-project.eu\/wp-content\/uploads\/2023\/04\/petit-bleu-et-petit-jaune-150x150.jpeg 150w\" sizes=\"(max-width: 300px) 100vw, 300px\" \/><figcaption class=\"wp-element-caption\">\u00ab Petit-Bleu et Petit-Jaune \u00bb<\/figcaption><\/figure><\/div>\n<\/div>\n\n<div class=\"wp-block-columns is-layout-flex wp-container-core-columns-is-layout-2 wp-block-columns-is-layout-flex\">\n<div class=\"wp-block-column is-layout-flow wp-block-column-is-layout-flow\">\n<figure class=\"wp-block-image aligncenter size-full is-resized\"><img loading=\"lazy\" decoding=\"async\" src=\"https:\/\/abibooks-project.eu\/wp-content\/uploads\/2023\/04\/sacrees-sorcieres.jpeg\" alt=\"Sacr&#xE9;es Sorci&#xE8;res\" class=\"wp-image-2965\" width=\"209\" height=\"300\" srcset=\"https:\/\/abibooks-project.eu\/wp-content\/uploads\/2023\/04\/sacrees-sorcieres.jpeg 400w, https:\/\/abibooks-project.eu\/wp-content\/uploads\/2023\/04\/sacrees-sorcieres-209x300.jpeg 209w\" sizes=\"(max-width: 209px) 100vw, 209px\" \/><figcaption class=\"wp-element-caption\">\u00ab Sacr\u00e9es Sorci\u00e8res \u00bb<\/figcaption><\/figure><\/div>\n\n\n\n<div class=\"wp-block-column is-layout-flow wp-block-column-is-layout-flow\">\n<figure class=\"wp-block-image aligncenter size-full is-resized\"><img loading=\"lazy\" decoding=\"async\" src=\"https:\/\/abibooks-project.eu\/wp-content\/uploads\/2023\/04\/les-minijusticiers.jpeg\" alt=\"Les minijusticiers\" class=\"wp-image-2953\" width=\"298\" height=\"300\"\/><figcaption class=\"wp-element-caption\">\u00ab Les minijusticiers \u00bb<\/figcaption><\/figure><\/div>\n<\/div>\n\n<h3 class=\"wp-block-heading\">Prenez quelque chose d\u2019ordinaire et transformez-le en quelque chose d\u2019extraordinaire<\/h3>\n\n<p>R\u00e9fl\u00e9chissez \u00e0 votre quotidien et prenez une de vos actions r\u00e9currentes. Aller au supermarch\u00e9 par exemple. Prenez cette simple activit\u00e9 et cr\u00e9ez une histoire extraordinaire autour de cet \u00e9v\u00e8nement tout \u00e0 fait ordinaire.<\/p>\n\n<h3 class=\"wp-block-heading\">Choisissez un th\u00e8me \u00e0 votre histoire<\/h3>\n\n<p>Prenez un th\u00e8me g\u00e9n\u00e9ral et construisez votre histoire autour de cette id\u00e9e. Explorez des th\u00e8mes larges tels que l\u2019amour, l\u2019amiti\u00e9, la peur, le myst\u00e8re, etc. Mettez-vous ensuite \u00e0 la place d\u2019un enfant et essayez de penser \u00e0 comment, avec tous les \u00e9l\u00e9ments que vous avez assembl\u00e9s jusqu\u2019ici, il imaginerait une telle situation.<\/p>\n\n<h2 class=\"wp-block-heading\">Pour l\u2019\u00e9criture<\/h2>\n\n<p>Toutes les histoires suivent la m\u00eame structure :<\/p>\n\n<ul class=\"wp-block-list\">\n<li>L\u2019introduction au personnage princ<\/li>\n\n\n\n<li>L\u2019\u00e9l\u00e9ment perturbateur<\/li>\n\n\n\n<li>Le d\u00e9nouement<\/li>\n<\/ul>\n\n<p>Basez votre \u00e9criture sur ces \u00e9l\u00e9ments centraux car ce sont eux qui vous permettront de construire une histoire concr\u00e8te et qui a du sens.<\/p>\n\n<h3 class=\"wp-block-heading\">Cr\u00e9ez un personnage auquel les enfants peuvent s\u2019identifier.<\/h3>\n\n<p>Donnez \u00e0 ce personnage des caract\u00e9ristiques physiques et psychologiques pr\u00e9cises. Petit, cheveux blonds, joyeux, sportif\u2026<br\/>Si vous rencontrez des difficult\u00e9s avec la cr\u00e9ation de votre personnage principal, n\u2019h\u00e9sitez pas \u00e0 vous inspirer d\u2019une personne r\u00e9elle ou d\u2019un personnage de dessins anim\u00e9s, etc.<\/p>\n\n<h3 class=\"wp-block-heading\">Quel sera votre \u00e9l\u00e9ment perturbateur ?<\/h3>\n\n<p>Pour donner du dynamisme \u00e0 votre histoire, vous devez int\u00e9grer un \u00e9l\u00e9ment perturbateur. Cela ne doit pas absolument \u00eatre un probl\u00e8me ou quelque chose de n\u00e9gatif. Simplement un \u00e9l\u00e9ment qui fait sortir votre h\u00e9ros de son \u2018train-train quotidien\u2019.<br\/>En fonction de la longueur de votre r\u00e9cit, vous pouvez int\u00e9grer plus d\u2019un \u00e9l\u00e9ment perturbateur.<\/p>\n\n<h3 class=\"wp-block-heading\">Quel sera le d\u00e9nouement de votre histoire ?<\/h3>\n\n<p>La fin de votre histoire implique-t-elle que tout revient \u00e0 la normale ? Au contraire, implique-t-elle que l\u2019\u00e9l\u00e9ment perturbateur devienne un \u00e9l\u00e9ment du quotidien du h\u00e9ros ? Une autre option encore ? Dans tous les cas, la fin de votre histoire m\u00e8nera \u00e0 un retour \u00e0 une normalit\u00e9.<\/p>\n\n<h3 class=\"wp-block-heading\">Quand vous avez ces \u00e9l\u00e9ments, cr\u00e9ez un brouillon.<\/h3>\n\n<p>Cela vous permettra de poser toutes vos bases, de supprimer les \u00e9l\u00e9ments qui vous sembleront superflus, d\u2019ajouter d\u2019autres \u00e9l\u00e9ments qui vous viendront \u00e0 l\u2019esprit.<br\/>Laissez-le poser et reprenez-le quelques jours plus tard pour avoir le temps de prendre du recul sur son \u00e9criture et l\u2019am\u00e9liorer si cela vous semble n\u00e9cessaire.<\/p>\n\n<p>Une fois toutes ces \u00e9tapes termin\u00e9es, vous aurez, entre vos mains, votre histoire originale !<\/p>\n\n<p>N\u2019h\u00e9sitez pas \u00e0 l\u2019agr\u00e9menter d\u2019images et\/ou de sons et surtout, prenez plaisir \u00e0 le lire aux enfants !<\/p>\n","protected":false},"excerpt":{"rendered":"<p>Lire des histoires aux enfants est quelque chose de primordial pour leur apprentissage intellectuel et personnel. Gr\u00e2ce \u00e0 elles, ils apprennent de nouveaux mots, de nouveaux concepts, de nouvelles notions, etc. Les livres leurs permettront \u00e9galement de d\u00e9velopper leur imagination et de piquer leur curiosit\u00e9. Vous souhaitez \u00e9crire vous-m\u00eame des histoires pour enfants ? \u00e7a [&hellip;]<\/p>\n","protected":false},"author":3,"featured_media":3768,"comment_status":"closed","ping_status":"open","sticky":false,"template":"","format":"standard","meta":{"_acf_changed":false,"_et_pb_use_builder":"off","_et_pb_old_content":"","_et_gb_content_width":"","footnotes":""},"categories":[3],"tags":[],"class_list":["post-3977","post","type-post","status-publish","format-standard","has-post-thumbnail","hentry","category-non-classifiee"],"acf":[],"_links":{"self":[{"href":"https:\/\/abibooks-project.eu\/fr\/wp-json\/wp\/v2\/posts\/3977","targetHints":{"allow":["GET"]}}],"collection":[{"href":"https:\/\/abibooks-project.eu\/fr\/wp-json\/wp\/v2\/posts"}],"about":[{"href":"https:\/\/abibooks-project.eu\/fr\/wp-json\/wp\/v2\/types\/post"}],"author":[{"embeddable":true,"href":"https:\/\/abibooks-project.eu\/fr\/wp-json\/wp\/v2\/users\/3"}],"replies":[{"embeddable":true,"href":"https:\/\/abibooks-project.eu\/fr\/wp-json\/wp\/v2\/comments?post=3977"}],"version-history":[{"count":1,"href":"https:\/\/abibooks-project.eu\/fr\/wp-json\/wp\/v2\/posts\/3977\/revisions"}],"predecessor-version":[{"id":3978,"href":"https:\/\/abibooks-project.eu\/fr\/wp-json\/wp\/v2\/posts\/3977\/revisions\/3978"}],"wp:featuredmedia":[{"embeddable":true,"href":"https:\/\/abibooks-project.eu\/fr\/wp-json\/wp\/v2\/media\/3768"}],"wp:attachment":[{"href":"https:\/\/abibooks-project.eu\/fr\/wp-json\/wp\/v2\/media?parent=3977"}],"wp:term":[{"taxonomy":"category","embeddable":true,"href":"https:\/\/abibooks-project.eu\/fr\/wp-json\/wp\/v2\/categories?post=3977"},{"taxonomy":"post_tag","embeddable":true,"href":"https:\/\/abibooks-project.eu\/fr\/wp-json\/wp\/v2\/tags?post=3977"}],"curies":[{"name":"wp","href":"https:\/\/api.w.org\/{rel}","templated":true}]}}